{"id":835,"date":"2020-02-10T10:09:55","date_gmt":"2020-02-10T09:09:55","guid":{"rendered":"https:\/\/skandionkliniken.se\/?post_type=news&#038;p=835"},"modified":"2024-02-20T09:58:23","modified_gmt":"2024-02-20T08:58:23","slug":"ulrica-langegard-doktorerar-den-14-februari-om-patienter-som-far-protonbehandling","status":"publish","type":"news","link":"https:\/\/skandionkliniken.se\/en\/nyheter\/ulrica-langegard-doktorerar-den-14-februari-om-patienter-som-far-protonbehandling\/","title":{"rendered":"Ulrica Langeg\u00e5rd doktorerar den 14 februari"},"content":{"rendered":"","protected":false},"template":"","class_list":["post-835","news","type-news","status-publish","hentry"],"acf":[],"yoast_head":"<!-- This site is optimized with the Yoast SEO plugin v27.4 - https:\/\/yoast.com\/product\/yoast-seo-wordpress\/ -->\n<title>Ulrica Langeg\u00e5rd doktorerar - Skandionkliniken<\/title>\n<meta name=\"description\" content=\"Hur m\u00e5r patienter med hj\u00e4rntum\u00f6r behandlas med protonstr\u00e5lning hos oss? Det \u00e4r den \u00f6vergripande fr\u00e5gan i Ulrica Langeg\u00e5rds doktorsavhandling.\" \/>\n<meta name=\"robots\" content=\"index, follow, max-snippet:-1, max-image-preview:large, max-video-preview:-1\" \/>\n<link rel=\"canonical\" href=\"https:\/\/skandionkliniken.se\/en\/nyheter\/ulrica-langegard-doktorerar-den-14-februari-om-patienter-som-far-protonbehandling\/\" \/>\n<meta property=\"og:locale\" content=\"en_US\" \/>\n<meta property=\"og:type\" content=\"article\" \/>\n<meta property=\"og:title\" content=\"Ulrica Langeg\u00e5rd doktorerar - Skandionkliniken\" \/>\n<meta property=\"og:description\" content=\"Hur m\u00e5r patienter med hj\u00e4rntum\u00f6r behandlas med protonstr\u00e5lning hos oss? Det \u00e4r den \u00f6vergripande fr\u00e5gan i Ulrica Langeg\u00e5rds doktorsavhandling.\" \/>\n<meta property=\"og:url\" content=\"https:\/\/skandionkliniken.se\/en\/nyheter\/ulrica-langegard-doktorerar-den-14-februari-om-patienter-som-far-protonbehandling\/\" \/>\n<meta property=\"og:site_name\" content=\"Skandionkliniken\" \/>\n<meta property=\"article:publisher\" content=\"https:\/\/www.facebook.com\/skandionkliniken\/\" \/>\n<meta property=\"article:modified_time\" content=\"2024-02-20T08:58:23+00:00\" \/>\n<meta property=\"og:image\" content=\"https:\/\/skandionkliniken.se\/wp-content\/uploads\/2024\/02\/share-image-skandionkliniken.png\" \/>\n\t<meta property=\"og:image:width\" content=\"1200\" \/>\n\t<meta property=\"og:image:height\" content=\"628\" \/>\n\t<meta property=\"og:image:type\" content=\"image\/png\" \/>\n<meta name=\"twitter:card\" content=\"summary_large_image\" \/>\n<script type=\"application\/ld+json\" class=\"yoast-schema-graph\">{\"@context\":\"https:\\\/\\\/schema.org\",\"@graph\":[{\"@type\":\"WebPage\",\"@id\":\"https:\\\/\\\/skandionkliniken.se\\\/en\\\/nyheter\\\/ulrica-langegard-doktorerar-den-14-februari-om-patienter-som-far-protonbehandling\\\/\",\"url\":\"https:\\\/\\\/skandionkliniken.se\\\/en\\\/nyheter\\\/ulrica-langegard-doktorerar-den-14-februari-om-patienter-som-far-protonbehandling\\\/\",\"name\":\"Ulrica Langeg\u00e5rd doktorerar - Skandionkliniken\",\"isPartOf\":{\"@id\":\"https:\\\/\\\/skandionkliniken.se\\\/en\\\/#website\"},\"datePublished\":\"2020-02-10T09:09:55+00:00\",\"dateModified\":\"2024-02-20T08:58:23+00:00\",\"description\":\"Hur m\u00e5r patienter med hj\u00e4rntum\u00f6r behandlas med protonstr\u00e5lning hos oss? Det \u00e4r den \u00f6vergripande fr\u00e5gan i Ulrica Langeg\u00e5rds doktorsavhandling.\",\"breadcrumb\":{\"@id\":\"https:\\\/\\\/skandionkliniken.se\\\/en\\\/nyheter\\\/ulrica-langegard-doktorerar-den-14-februari-om-patienter-som-far-protonbehandling\\\/#breadcrumb\"},\"inLanguage\":\"en-US\",\"potentialAction\":[{\"@type\":\"ReadAction\",\"target\":[\"https:\\\/\\\/skandionkliniken.se\\\/en\\\/nyheter\\\/ulrica-langegard-doktorerar-den-14-februari-om-patienter-som-far-protonbehandling\\\/\"]}]},{\"@type\":\"BreadcrumbList\",\"@id\":\"https:\\\/\\\/skandionkliniken.se\\\/en\\\/nyheter\\\/ulrica-langegard-doktorerar-den-14-februari-om-patienter-som-far-protonbehandling\\\/#breadcrumb\",\"itemListElement\":[{\"@type\":\"ListItem\",\"position\":1,\"name\":\"Home\",\"item\":\"https:\\\/\\\/skandionkliniken.se\\\/en\\\/\"},{\"@type\":\"ListItem\",\"position\":2,\"name\":\"News\",\"item\":\"https:\\\/\\\/skandionkliniken.se\\\/nyheter\\\/\"},{\"@type\":\"ListItem\",\"position\":3,\"name\":\"Ulrica Langeg\u00e5rd doktorerar den 14 februari\"}]},{\"@type\":\"WebSite\",\"@id\":\"https:\\\/\\\/skandionkliniken.se\\\/en\\\/#website\",\"url\":\"https:\\\/\\\/skandionkliniken.se\\\/en\\\/\",\"name\":\"Skandionkliniken\",\"description\":\"The Nordics&#039; first clinic for proton radiation\",\"publisher\":{\"@id\":\"https:\\\/\\\/skandionkliniken.se\\\/en\\\/#organization\"},\"potentialAction\":[{\"@type\":\"SearchAction\",\"target\":{\"@type\":\"EntryPoint\",\"urlTemplate\":\"https:\\\/\\\/skandionkliniken.se\\\/en\\\/?s={search_term_string}\"},\"query-input\":{\"@type\":\"PropertyValueSpecification\",\"valueRequired\":true,\"valueName\":\"search_term_string\"}}],\"inLanguage\":\"en-US\"},{\"@type\":\"Organization\",\"@id\":\"https:\\\/\\\/skandionkliniken.se\\\/en\\\/#organization\",\"name\":\"Skandionkliniken\",\"url\":\"https:\\\/\\\/skandionkliniken.se\\\/en\\\/\",\"logo\":{\"@type\":\"ImageObject\",\"inLanguage\":\"en-US\",\"@id\":\"https:\\\/\\\/skandionkliniken.se\\\/en\\\/#\\\/schema\\\/logo\\\/image\\\/\",\"url\":\"https:\\\/\\\/skandionkliniken.se\\\/wp-content\\\/uploads\\\/2024\\\/02\\\/share-image-skandionkliniken.png\",\"contentUrl\":\"https:\\\/\\\/skandionkliniken.se\\\/wp-content\\\/uploads\\\/2024\\\/02\\\/share-image-skandionkliniken.png\",\"width\":1200,\"height\":628,\"caption\":\"Skandionkliniken\"},\"image\":{\"@id\":\"https:\\\/\\\/skandionkliniken.se\\\/en\\\/#\\\/schema\\\/logo\\\/image\\\/\"},\"sameAs\":[\"https:\\\/\\\/www.facebook.com\\\/skandionkliniken\\\/\"]}]}<\/script>\n<!-- \/ Yoast SEO plugin. -->","yoast_head_json":{"title":"Ulrica Langeg\u00e5rd doktorerar - Skandionkliniken","description":"Hur m\u00e5r patienter med hj\u00e4rntum\u00f6r behandlas med protonstr\u00e5lning hos oss? Det \u00e4r den \u00f6vergripande fr\u00e5gan i Ulrica Langeg\u00e5rds doktorsavhandling.","robots":{"index":"index","follow":"follow","max-snippet":"max-snippet:-1","max-image-preview":"max-image-preview:large","max-video-preview":"max-video-preview:-1"},"canonical":"https:\/\/skandionkliniken.se\/en\/nyheter\/ulrica-langegard-doktorerar-den-14-februari-om-patienter-som-far-protonbehandling\/","og_locale":"en_US","og_type":"article","og_title":"Ulrica Langeg\u00e5rd doktorerar - Skandionkliniken","og_description":"Hur m\u00e5r patienter med hj\u00e4rntum\u00f6r behandlas med protonstr\u00e5lning hos oss? Det \u00e4r den \u00f6vergripande fr\u00e5gan i Ulrica Langeg\u00e5rds doktorsavhandling.","og_url":"https:\/\/skandionkliniken.se\/en\/nyheter\/ulrica-langegard-doktorerar-den-14-februari-om-patienter-som-far-protonbehandling\/","og_site_name":"Skandionkliniken","article_publisher":"https:\/\/www.facebook.com\/skandionkliniken\/","article_modified_time":"2024-02-20T08:58:23+00:00","og_image":[{"width":1200,"height":628,"url":"https:\/\/skandionkliniken.se\/wp-content\/uploads\/2024\/02\/share-image-skandionkliniken.png","type":"image\/png"}],"twitter_card":"summary_large_image","schema":{"@context":"https:\/\/schema.org","@graph":[{"@type":"WebPage","@id":"https:\/\/skandionkliniken.se\/en\/nyheter\/ulrica-langegard-doktorerar-den-14-februari-om-patienter-som-far-protonbehandling\/","url":"https:\/\/skandionkliniken.se\/en\/nyheter\/ulrica-langegard-doktorerar-den-14-februari-om-patienter-som-far-protonbehandling\/","name":"Ulrica Langeg\u00e5rd doktorerar - Skandionkliniken","isPartOf":{"@id":"https:\/\/skandionkliniken.se\/en\/#website"},"datePublished":"2020-02-10T09:09:55+00:00","dateModified":"2024-02-20T08:58:23+00:00","description":"Hur m\u00e5r patienter med hj\u00e4rntum\u00f6r behandlas med protonstr\u00e5lning hos oss? Det \u00e4r den \u00f6vergripande fr\u00e5gan i Ulrica Langeg\u00e5rds doktorsavhandling.","breadcrumb":{"@id":"https:\/\/skandionkliniken.se\/en\/nyheter\/ulrica-langegard-doktorerar-den-14-februari-om-patienter-som-far-protonbehandling\/#breadcrumb"},"inLanguage":"en-US","potentialAction":[{"@type":"ReadAction","target":["https:\/\/skandionkliniken.se\/en\/nyheter\/ulrica-langegard-doktorerar-den-14-februari-om-patienter-som-far-protonbehandling\/"]}]},{"@type":"BreadcrumbList","@id":"https:\/\/skandionkliniken.se\/en\/nyheter\/ulrica-langegard-doktorerar-den-14-februari-om-patienter-som-far-protonbehandling\/#breadcrumb","itemListElement":[{"@type":"ListItem","position":1,"name":"Home","item":"https:\/\/skandionkliniken.se\/en\/"},{"@type":"ListItem","position":2,"name":"News","item":"https:\/\/skandionkliniken.se\/nyheter\/"},{"@type":"ListItem","position":3,"name":"Ulrica Langeg\u00e5rd doktorerar den 14 februari"}]},{"@type":"WebSite","@id":"https:\/\/skandionkliniken.se\/en\/#website","url":"https:\/\/skandionkliniken.se\/en\/","name":"Skandionkliniken","description":"The Nordics&#039; first clinic for proton radiation","publisher":{"@id":"https:\/\/skandionkliniken.se\/en\/#organization"},"potentialAction":[{"@type":"SearchAction","target":{"@type":"EntryPoint","urlTemplate":"https:\/\/skandionkliniken.se\/en\/?s={search_term_string}"},"query-input":{"@type":"PropertyValueSpecification","valueRequired":true,"valueName":"search_term_string"}}],"inLanguage":"en-US"},{"@type":"Organization","@id":"https:\/\/skandionkliniken.se\/en\/#organization","name":"Skandionkliniken","url":"https:\/\/skandionkliniken.se\/en\/","logo":{"@type":"ImageObject","inLanguage":"en-US","@id":"https:\/\/skandionkliniken.se\/en\/#\/schema\/logo\/image\/","url":"https:\/\/skandionkliniken.se\/wp-content\/uploads\/2024\/02\/share-image-skandionkliniken.png","contentUrl":"https:\/\/skandionkliniken.se\/wp-content\/uploads\/2024\/02\/share-image-skandionkliniken.png","width":1200,"height":628,"caption":"Skandionkliniken"},"image":{"@id":"https:\/\/skandionkliniken.se\/en\/#\/schema\/logo\/image\/"},"sameAs":["https:\/\/www.facebook.com\/skandionkliniken\/"]}]}},"_links":{"self":[{"href":"https:\/\/skandionkliniken.se\/en\/wp-json\/wp\/v2\/news\/835","targetHints":{"allow":["GET"]}}],"collection":[{"href":"https:\/\/skandionkliniken.se\/en\/wp-json\/wp\/v2\/news"}],"about":[{"href":"https:\/\/skandionkliniken.se\/en\/wp-json\/wp\/v2\/types\/news"}],"version-history":[{"count":4,"href":"https:\/\/skandionkliniken.se\/en\/wp-json\/wp\/v2\/news\/835\/revisions"}],"predecessor-version":[{"id":1811,"href":"https:\/\/skandionkliniken.se\/en\/wp-json\/wp\/v2\/news\/835\/revisions\/1811"}],"wp:attachment":[{"href":"https:\/\/skandionkliniken.se\/en\/wp-json\/wp\/v2\/media?parent=835"}],"curies":[{"name":"wp","href":"https:\/\/api.w.org\/{rel}","templated":true}]}}